{"id":580,"date":"2026-04-09T06:24:04","date_gmt":"2026-04-09T06:24:04","guid":{"rendered":"https:\/\/vesemt.org\/?p=580"},"modified":"2026-04-10T04:36:17","modified_gmt":"2026-04-10T04:36:17","slug":"nous-on-fait-notre-bilan-et-eux","status":"publish","type":"post","link":"https:\/\/vesemt.org\/?p=580","title":{"rendered":"NOUS, ON FAIT NOTRE BILAN. ET EUX ?"},"content":{"rendered":"<p align=\"JUSTIFY\"><span style=\"font-family: Arial Narrow, sans-serif;\"><span style=\"font-size: large;\"><span style=\"font-size: 14pt;\"><img loading=\"lazy\" decoding=\"async\" class=\"wp-image-586 alignleft\" src=\"https:\/\/vesemt.org\/wp-content\/uploads\/2026\/04\/Image-2.jpg\" alt=\"\" width=\"370\" height=\"370\" srcset=\"https:\/\/vesemt.org\/wp-content\/uploads\/2026\/04\/Image-2.jpg 1024w, https:\/\/vesemt.org\/wp-content\/uploads\/2026\/04\/Image-2-300x300.jpg 300w, https:\/\/vesemt.org\/wp-content\/uploads\/2026\/04\/Image-2-150x150.jpg 150w, https:\/\/vesemt.org\/wp-content\/uploads\/2026\/04\/Image-2-768x768.jpg 768w\" sizes=\"auto, (max-width: 370px) 100vw, 370px\" \/>Il est toujours fascinant d\u2019observer une campagne municipale. Ce moment suspendu o\u00f9, soudain, des responsables politiques red\u00e9couvrent avec une fra\u00eecheur presque candide les probl\u00e8mes qu\u2019ils administraient encore hier. Comme si l\u2019exercice du pouvoir produisait une forme d\u2019amn\u00e9sie s\u00e9lective, imm\u00e9diatement r\u00e9par\u00e9e \u00e0 l\u2019approche des urnes.<\/span><\/span><\/span><\/p>\n<p align=\"JUSTIFY\"><span style=\"font-family: 'Arial Narrow', sans-serif; font-size: 14pt;\">Dans ce th\u00e9\u00e2tre bien rod\u00e9, chacun joue sa partition : promesses recycl\u00e9es, indignations calibr\u00e9es, priorit\u00e9s red\u00e9couvertes. Rien de nouveau, sinon l\u2019emballage.<\/span><\/p>\n<p align=\"JUSTIFY\"><span style=\"font-family: 'Arial Narrow', sans-serif; font-size: 14pt;\">Et au milieu de ce ballet parfaitement pr\u00e9visible, une anomalie.<\/span><\/p>\n<p align=\"JUSTIFY\"><span style=\"font-size: 14pt;\"><span style=\"font-family: Arial Narrow, sans-serif; font-size: large;\">Le Comit\u00e9 populaire VESEMT cr\u00e9\u00e9 pour palier \u00e0 notre absence \u00e0 cette \u00e9lection. Absence explicit\u00e9 sur un autre article sur le site&#8230;.Mais que nous pourrons \u00e9videmment compl\u00e9ter en \u00ab\u00a0public\u00a0\u00bb.<\/span><\/span><!--more--><\/p>\n<p><img loading=\"lazy\" decoding=\"async\" class=\"wp-image-584 alignright\" style=\"font-family: 'Arial Narrow', sans-serif; font-size: 18.6667px; text-align: justify;\" src=\"https:\/\/vesemt.org\/wp-content\/uploads\/2026\/04\/Le-bilan-du-comite-populaire.png\" alt=\"\" width=\"354\" height=\"532\" \/><\/p>\n<p align=\"JUSTIFY\"><span style=\"font-family: 'Arial Narrow', sans-serif; font-size: 14pt;\">Sa faute ? Avoir fait ce que la politique \u00e9vite soigneusement : produire un bilan. Un vrai. Un bilan qui ne cherche ni \u00e0 s\u00e9duire ni \u00e0 rassurer. Un bilan qui d\u00e9range.<\/span><\/p>\n<p align=\"JUSTIFY\"><span style=\"font-family: 'Arial Narrow', sans-serif; font-size: 14pt;\">Car un bilan, lorsqu\u2019il est honn\u00eate, ne caresse pas. Il gratte. Il insiste. Il rappelle.<\/span><\/p>\n<p align=\"JUSTIFY\"><span style=\"font-family: 'Arial Narrow', sans-serif; font-size: 14pt;\">Les chiffres, d\u2019abord. Parce qu\u2019ils disent quelque chose.<\/span><\/p>\n<p align=\"JUSTIFY\"><span style=\"font-family: 'Arial Narrow', sans-serif; font-size: 14pt;\">Sur Facebook : pr\u00e8s de 9 000 vues. Plus de 300 par publication. Des pics qui d\u00e9passent les 1 000.<\/span><\/p>\n<p align=\"JUSTIFY\"><span style=\"font-family: 'Arial Narrow', sans-serif; font-size: 14pt;\">Sur le site : plus d\u2019une centaine de lecteurs par article.<\/span><\/p>\n<p align=\"JUSTIFY\"><span style=\"font-family: 'Arial Narrow', sans-serif; font-size: 14pt;\">Autrement dit : des citoyens qui lisent. Qui prennent le temps. Qui confrontent les id\u00e9es. Une pratique devenue presque subversive dans un paysage satur\u00e9 de slogans.<\/span><\/p>\n<ul>\n<li>\n<p align=\"JUSTIFY\"><span style=\"font-family: 'Arial Narrow', sans-serif; font-size: 14pt;\">Mais surtout, des textes.<\/span><\/p>\n<\/li>\n<li>\n<p align=\"JUSTIFY\"><span style=\"font-family: 'Arial Narrow', sans-serif; font-size: 14pt;\">Des textes qui nomment.<\/span><\/p>\n<\/li>\n<li>\n<p align=\"JUSTIFY\"><span style=\"font-family: 'Arial Narrow', sans-serif; font-size: 14pt;\">Des textes qui d\u00e9crivent.<\/span><\/p>\n<\/li>\n<li>\n<p align=\"JUSTIFY\"><span style=\"font-family: 'Arial Narrow', sans-serif; font-size: 14pt;\">Des textes qui attaquent.<\/span><\/p>\n<\/li>\n<\/ul>\n<p align=\"JUSTIFY\"><span style=\"font-family: 'Arial Narrow', sans-serif; font-size: 14pt;\">Prenons-les un par un.<\/span><\/p>\n<p align=\"JUSTIFY\"><span style=\"font-size: 14pt;\"><em>\u201c<span style=\"font-family: Arial Narrow, sans-serif;\">MUNICIPALES 2026 : Second tour \u2014 Bravo des deux c\u00f4t\u00e9s\u2026 et des intervalles\u201d<\/span><\/em><\/span><\/p>\n<p align=\"JUSTIFY\"><span style=\"font-family: 'Arial Narrow', sans-serif; font-size: 14pt;\">Ici, ce qui est vis\u00e9, c\u2019est la logique d\u2019entre-deux tours : cette m\u00e9canique o\u00f9 les vainqueurs ne gagnent jamais vraiment et o\u00f9 les perdants ne perdent jamais totalement. Une politique de l\u2019entre-soi o\u00f9 l\u2019on \u201c\u00e9lit ceux qui n\u2019ont pas perdu suffisamment pour \u00eatre honn\u00eates\u201d. Une critique directe des alliances opportunistes, des compromis sans cap, des majorit\u00e9s construites non sur des projets mais sur des \u00e9quilibres fragiles.<\/span><\/p>\n<p align=\"JUSTIFY\"><span style=\"font-size: 14pt;\"><em>\u201c<span style=\"font-family: Arial Narrow, sans-serif;\">Premier tour 2026 : Anatomie d\u2019un rapport de force\u2026 et autopsie d\u2019une illusion\u201d<\/span><\/em><\/span><\/p>\n<p align=\"JUSTIFY\"><span style=\"font-family: 'Arial Narrow', sans-serif; font-size: 14pt;\">Ce texte attaque frontalement la mise en sc\u00e8ne d\u00e9mocratique elle-m\u00eame. Une d\u00e9mocratie qui fonctionne encore, certes, mais dont la vitalit\u00e9 s\u2019\u00e9rode. \u201cFaire une autopsie sur une d\u00e9mocratie encore chaude\u201d : l\u2019image d\u00e9range, mais elle dit tout. Elle vise les listes qui se satisfont de r\u00e8gles du jeu qu\u2019elles vident progressivement de leur sens.<\/span><\/p>\n<p align=\"JUSTIFY\"><span style=\"font-size: 14pt;\"><em>\u201c<span style=\"font-family: Arial Narrow, sans-serif;\">Premier tour : voter blanc\u201d<\/span><\/em><\/span><\/p>\n<p align=\"JUSTIFY\"><span style=\"font-family: 'Arial Narrow', sans-serif; font-size: 14pt;\">Ici, la cible est double. D\u2019un c\u00f4t\u00e9, les listes incapables de proposer une alternative r\u00e9elle. De l\u2019autre, un syst\u00e8me qui r\u00e9duit le choix \u00e0 une opposition artificielle. \u201cRefuser de choisir entre la cravate et l\u2019\u00e9charpe\u201d : derri\u00e8re la formule, une attaque claire contre une offre politique per\u00e7ue comme interchangeable, o\u00f9 les diff\u00e9rences tiennent davantage \u00e0 la posture qu\u2019au fond.<\/span><\/p>\n<p align=\"JUSTIFY\"><span style=\"font-size: 14pt;\"><em>\u201c<span style=\"font-family: Arial Narrow, sans-serif;\">Municipales : l\u2019alternance sans l\u2019alternative\u201d<\/span><\/em><\/span><\/p>\n<p align=\"JUSTIFY\"><span style=\"font-family: 'Arial Narrow', sans-serif; font-size: 14pt;\">Ce texte vise le c\u0153ur du probl\u00e8me : le renouvellement de fa\u00e7ade. Changer les \u00e9quipes, conserver les logiques. \u201cChanger les meubles sans changer l\u2019odeur\u201d : une critique des cycles politiques o\u00f9 l\u2019alternance devient un simple m\u00e9canisme d\u2019usure, sans transformation r\u00e9elle des politiques publiques.<\/span><\/p>\n<p align=\"JUSTIFY\"><span style=\"font-size: 14pt;\"><em>\u201c<span style=\"font-family: Arial Narrow, sans-serif;\">Ni gestion molle, ni faux-semblant de gauche\u201d<\/span><\/em><\/span><\/p>\n<p align=\"JUSTIFY\"><span style=\"font-family: 'Arial Narrow', sans-serif; font-size: 14pt;\">Ici, l\u2019attaque se pr\u00e9cise. D\u2019un c\u00f4t\u00e9, une gestion jug\u00e9e prudente au point de devenir inerte. De l\u2019autre, des postures id\u00e9ologiques sans traduction concr\u00e8te. Une politique \u201cti\u00e8de\u201d, incapable de produire des effets tangibles. Une critique directe des listes qui revendiquent des valeurs sans en assumer les cons\u00e9quences.<\/span><\/p>\n<p align=\"JUSTIFY\"><span style=\"font-size: 14pt;\"><em>\u201c<span style=\"font-family: Arial Narrow, sans-serif;\">Les choix budg\u00e9taires ne sont jamais neutres\u201d<\/span><\/em><\/span><\/p>\n<p align=\"JUSTIFY\"><span style=\"font-family: 'Arial Narrow', sans-serif; font-size: 14pt;\">Ce texte s\u2019en prend \u00e0 un angle souvent \u00e9vit\u00e9 : la responsabilit\u00e9 financi\u00e8re. Derri\u00e8re chaque d\u00e9cision budg\u00e9taire se cachent des priorit\u00e9s politiques. Parler de neutralit\u00e9, c\u2019est masquer des arbitrages. \u201cDes mensonges polis qui piquent votre portefeuille\u201d : une attaque contre l\u2019opacit\u00e9 et la technicisation du d\u00e9bat budg\u00e9taire.<\/span><\/p>\n<p align=\"JUSTIFY\"><span style=\"font-size: 14pt;\"><em>\u201c<span style=\"font-family: Arial Narrow, sans-serif;\">Ville inclusive : l\u2019art d\u2019inclure sans rien changer\u201d<\/span><\/em><\/span><\/p>\n<p align=\"JUSTIFY\"><span style=\"font-family: 'Arial Narrow', sans-serif; font-size: 14pt;\">Enfin, ce texte cible une rh\u00e9torique devenue omnipr\u00e9sente. L\u2019inclusion comme mot d\u2019ordre. Mais sans transformation structurelle. Une critique des politiques symboliques, des annonces sans effets, des dispositifs qui affichent des intentions sans modifier les r\u00e9alit\u00e9s.<\/span><\/p>\n<p align=\"JUSTIFY\"><span style=\"font-family: 'Arial Narrow', sans-serif; font-size: 14pt;\">Et pendant ce temps ?<\/span><\/p>\n<p align=\"JUSTIFY\"><span style=\"font-size: 14pt;\"><strong><span style=\"font-family: Arial Narrow, sans-serif;\">Les listes promettent. Encore. Toujours.\u00a0<\/span><\/strong><strong><span style=\"font-family: Arial Narrow, sans-serif;\">Mais leur bilan ? Silence.<\/span><\/strong><\/span><\/p>\n<ul>\n<li>\n<p align=\"JUSTIFY\"><span style=\"font-family: 'Arial Narrow', sans-serif; font-size: 14pt;\">Rien sur 2020.<\/span><\/p>\n<\/li>\n<li><span style=\"font-size: 14pt;\">Rien sur de 2020 \u00e0 2026. Nous oui (voir Bilan des EluEs VESEMT l\u00e0 : <a href=\"https:\/\/vesemt.org\/?p=530\">https:\/\/vesemt.org\/?p=530<\/a>)<\/span><\/li>\n<li>\n<p align=\"JUSTIFY\"><span style=\"font-family: 'Arial Narrow', sans-serif; font-size: 14pt;\">Rien sur les d\u00e9cisions prises.<\/span><\/p>\n<\/li>\n<li>\n<p align=\"JUSTIFY\"><span style=\"font-family: 'Arial Narrow', sans-serif; font-size: 14pt;\">Rien sur les erreurs.<\/span><\/p>\n<\/li>\n<li>\n<p align=\"JUSTIFY\"><span style=\"font-family: 'Arial Narrow', sans-serif; font-size: 14pt;\">Rien sur les renoncements.<\/span><\/p>\n<\/li>\n<\/ul>\n<p align=\"JUSTIFY\"><span style=\"font-size: 14pt;\"><strong><span style=\"font-family: Arial Narrow, sans-serif;\">Seulement des mots neufs pos\u00e9s sur des actes anciens. Alors la question demeure, simple, directe, incontournable :<\/span><\/strong><\/span><\/p>\n<ul>\n<li>\n<p align=\"JUSTIFY\"><span style=\"font-family: 'Arial Narrow', sans-serif; font-size: 14pt;\">Qu\u2019avez-vous fait ?<\/span><\/p>\n<\/li>\n<li>\n<p align=\"JUSTIFY\"><span style=\"font-family: 'Arial Narrow', sans-serif; font-size: 14pt;\">Qu\u2019avez-vous rat\u00e9 ?<\/span><\/p>\n<\/li>\n<li><span style=\"font-family: Arial, Helvetica, sans-serif; font-size: 14pt;\">Pourquoi une aussi fable participation, notamment dans les quartiers populaires ?<\/span><\/li>\n<li>\n<p align=\"JUSTIFY\"><span style=\"font-family: 'Arial Narrow', sans-serif; font-size: 14pt;\">Qu\u2019assumez-vous ?<\/span><\/p>\n<\/li>\n<\/ul>\n<p align=\"JUSTIFY\"><span style=\"font-size: 14pt;\"><strong><span style=\"font-family: Arial Narrow, sans-serif;\">Car gouverner, ce n\u2019est pas seulement promettre. C\u2019est r\u00e9pondre.<\/span><\/strong><\/span><\/p>\n<p align=\"JUSTIFY\"><span style=\"font-family: 'Arial Narrow', sans-serif; font-size: 14pt;\">VESEMT, lui, r\u00e9pond. Et vous ?<\/span><\/p>\n<p align=\"JUSTIFY\"><span style=\"font-family: 'Arial Narrow', sans-serif; font-size: 14pt;\">Parce que la d\u00e9mocratie n\u2019est pas une op\u00e9ration de communication. C\u2019est un exercice de m\u00e9moire.<\/span><\/p>\n","protected":false},"excerpt":{"rendered":"<p>Il est toujours fascinant d\u2019observer une campagne municipale. Ce moment suspendu o\u00f9, soudain, des responsables politiques red\u00e9couvrent avec une fra\u00eecheur<\/p>\n","protected":false},"author":2,"featured_media":584,"comment_status":"closed","ping_status":"closed","sticky":false,"template":"","format":"standard","meta":{"colormag_page_container_layout":"default_layout","colormag_page_sidebar_layout":"default_layout","footnotes":""},"categories":[40,38],"tags":[],"class_list":["post-580","post","type-post","status-publish","format-standard","has-post-thumbnail","hentry","category-actualites","category-saint-pierre-des-corps"],"_links":{"self":[{"href":"https:\/\/vesemt.org\/index.php?rest_route=\/wp\/v2\/posts\/580","targetHints":{"allow":["GET"]}}],"collection":[{"href":"https:\/\/vesemt.org\/index.php?rest_route=\/wp\/v2\/posts"}],"about":[{"href":"https:\/\/vesemt.org\/index.php?rest_route=\/wp\/v2\/types\/post"}],"author":[{"embeddable":true,"href":"https:\/\/vesemt.org\/index.php?rest_route=\/wp\/v2\/users\/2"}],"replies":[{"embeddable":true,"href":"https:\/\/vesemt.org\/index.php?rest_route=%2Fwp%2Fv2%2Fcomments&post=580"}],"version-history":[{"count":8,"href":"https:\/\/vesemt.org\/index.php?rest_route=\/wp\/v2\/posts\/580\/revisions"}],"predecessor-version":[{"id":591,"href":"https:\/\/vesemt.org\/index.php?rest_route=\/wp\/v2\/posts\/580\/revisions\/591"}],"wp:featuredmedia":[{"embeddable":true,"href":"https:\/\/vesemt.org\/index.php?rest_route=\/wp\/v2\/media\/584"}],"wp:attachment":[{"href":"https:\/\/vesemt.org\/index.php?rest_route=%2Fwp%2Fv2%2Fmedia&parent=580"}],"wp:term":[{"taxonomy":"category","embeddable":true,"href":"https:\/\/vesemt.org\/index.php?rest_route=%2Fwp%2Fv2%2Fcategories&post=580"},{"taxonomy":"post_tag","embeddable":true,"href":"https:\/\/vesemt.org\/index.php?rest_route=%2Fwp%2Fv2%2Ftags&post=580"}],"curies":[{"name":"wp","href":"https:\/\/api.w.org\/{rel}","templated":true}]}}